{"id":33,"count":2,"description":"Um espa\u00e7o de di\u00e1logo aberto sobre a realidade da maquilhagem profissional e do setor da beleza. Aqui partilhamos perspetivas, debatemos tend\u00eancias e trazemos conversas que ligam teoria \u00e0 pr\u00e1tica, promovendo reflex\u00e3o e crescimento conjunto numa comunidade ativa e em constante evolu\u00e7\u00e3o.","link":"https:\/\/estudiodemaquilhagem.com\/estudiocollective\/tipo-artigo\/estudiotalks\/","name":"Est\u00fadioTalks","slug":"estudiotalks","taxonomy":"tipo-artigo","parent":49,"meta":[],"_links":{"self":[{"href":"https:\/\/estudiodemaquilhagem.com\/estudiocollective\/wp-json\/wp\/v2\/tipo-artigo\/33","targetHints":{"allow":["GET"]}}],"collection":[{"href":"https:\/\/estudiodemaquilhagem.com\/estudiocollective\/wp-json\/wp\/v2\/tipo-artigo"}],"about":[{"href":"https:\/\/estudiodemaquilhagem.com\/estudiocollective\/wp-json\/wp\/v2\/taxonomies\/tipo-artigo"}],"up":[{"embeddable":true,"href":"https:\/\/estudiodemaquilhagem.com\/estudiocollective\/wp-json\/wp\/v2\/tipo-artigo\/49"}],"wp:post_type":[{"href":"https:\/\/estudiodemaquilhagem.com\/estudiocollective\/wp-json\/wp\/v2\/artigos?tipo-artigo=33"},{"href":"https:\/\/estudiodemaquilhagem.com\/estudiocollective\/wp-json\/wp\/v2\/looks?tipo-artigo=33"}],"curies":[{"name":"wp","href":"https:\/\/api.w.org\/{rel}","templated":true}]}}