{"id":49,"count":5,"description":"Da partilha de experi\u00eancias \u00e0s conquistas coletivas, a comunidade \u00e9 a for\u00e7a invis\u00edvel que impulsiona a maquilhadora. \u00c9 aqui que se encontram hist\u00f3rias reais, inspira\u00e7\u00e3o e apoio m\u00fatuo. Um espa\u00e7o para aprender com quem j\u00e1 percorreu o caminho, celebrar vit\u00f3rias, discutir desafios e refor\u00e7ar a ideia de que na beleza ningu\u00e9m cresce sozinha.","link":"https:\/\/estudiodemaquilhagem.com\/estudiocollective\/tipo-artigo\/comunidade\/","name":"Comunidade","slug":"comunidade","taxonomy":"tipo-artigo","parent":0,"meta":[],"_links":{"self":[{"href":"https:\/\/estudiodemaquilhagem.com\/estudiocollective\/wp-json\/wp\/v2\/tipo-artigo\/49","targetHints":{"allow":["GET"]}}],"collection":[{"href":"https:\/\/estudiodemaquilhagem.com\/estudiocollective\/wp-json\/wp\/v2\/tipo-artigo"}],"about":[{"href":"https:\/\/estudiodemaquilhagem.com\/estudiocollective\/wp-json\/wp\/v2\/taxonomies\/tipo-artigo"}],"wp:post_type":[{"href":"https:\/\/estudiodemaquilhagem.com\/estudiocollective\/wp-json\/wp\/v2\/artigos?tipo-artigo=49"},{"href":"https:\/\/estudiodemaquilhagem.com\/estudiocollective\/wp-json\/wp\/v2\/looks?tipo-artigo=49"}],"curies":[{"name":"wp","href":"https:\/\/api.w.org\/{rel}","templated":true}]}}