{"id":51,"count":1,"description":"Dos primeiros passos \u00e0 consolida\u00e7\u00e3o da carreira, os fundamentos s\u00e3o o mapa da maquilhadora profissional. Estrat\u00e9gia, \u00e9tica, organiza\u00e7\u00e3o e vis\u00e3o de futuro juntam-se \u00e0 t\u00e9cnica para dar solidez \u00e0 profiss\u00e3o. Aqui abordamos o que sustenta uma carreira duradoura: da gest\u00e3o inteligente do tempo e clientes \u00e0 import\u00e2ncia da certifica\u00e7\u00e3o, passando pela mentalidade empreendedora que diferencia quem sonha de quem conquista.","link":"https:\/\/estudiodemaquilhagem.com\/estudiocollective\/tipo-artigo\/fundamentos\/","name":"Fundamentos","slug":"fundamentos","taxonomy":"tipo-artigo","parent":50,"meta":[],"_links":{"self":[{"href":"https:\/\/estudiodemaquilhagem.com\/estudiocollective\/wp-json\/wp\/v2\/tipo-artigo\/51","targetHints":{"allow":["GET"]}}],"collection":[{"href":"https:\/\/estudiodemaquilhagem.com\/estudiocollective\/wp-json\/wp\/v2\/tipo-artigo"}],"about":[{"href":"https:\/\/estudiodemaquilhagem.com\/estudiocollective\/wp-json\/wp\/v2\/taxonomies\/tipo-artigo"}],"up":[{"embeddable":true,"href":"https:\/\/estudiodemaquilhagem.com\/estudiocollective\/wp-json\/wp\/v2\/tipo-artigo\/50"}],"wp:post_type":[{"href":"https:\/\/estudiodemaquilhagem.com\/estudiocollective\/wp-json\/wp\/v2\/artigos?tipo-artigo=51"},{"href":"https:\/\/estudiodemaquilhagem.com\/estudiocollective\/wp-json\/wp\/v2\/looks?tipo-artigo=51"}],"curies":[{"name":"wp","href":"https:\/\/api.w.org\/{rel}","templated":true}]}}